{"id":3160,"date":"2025-07-01T12:39:17","date_gmt":"2025-07-01T10:39:17","guid":{"rendered":"https:\/\/lyceedelessouriau.fr\/?p=3160"},"modified":"2025-08-27T11:40:43","modified_gmt":"2025-08-27T09:40:43","slug":"rentree-des-eleves-2025","status":"publish","type":"post","link":"https:\/\/lyceedelessouriau.fr\/index.php\/2025\/07\/01\/rentree-des-eleves-2025\/","title":{"rendered":"Rentr\u00e9e des \u00e9l\u00e8ves 2025"},"content":{"rendered":"\n<p>La rentr\u00e9e des \u00e9l\u00e8ves aura lieu lundi 1er septembre pour les Secondes, CAP 1re ann\u00e9e, CPGE et BTS, et le mardi 2 septembre pour les Premi\u00e8res et Terminales, selon le planning ci-dessous.<\/p>\n\n\n\n<p><strong>RECTIFICATIF : pour les CPGE, le stage de pr\u00e9-rentr\u00e9e a lieu le 26, 27 et 28 ao\u00fbt.<\/strong><\/p>\n\n\n\n<figure class=\"wp-block-image size-full\"><img loading=\"lazy\" decoding=\"async\" width=\"617\" height=\"600\" src=\"https:\/\/lyceedelessouriau.fr\/wp-content\/uploads\/2025\/07\/image-2.png\" alt=\"\" class=\"wp-image-3196\" srcset=\"https:\/\/lyceedelessouriau.fr\/wp-content\/uploads\/2025\/07\/image-2.png 617w, https:\/\/lyceedelessouriau.fr\/wp-content\/uploads\/2025\/07\/image-2-300x292.png 300w\" sizes=\"auto, (max-width: 617px) 100vw, 617px\" \/><\/figure>\n\n\n\n<figure class=\"wp-block-image size-full\"><img loading=\"lazy\" decoding=\"async\" width=\"631\" height=\"150\" src=\"https:\/\/lyceedelessouriau.fr\/wp-content\/uploads\/2025\/07\/image-3.png\" alt=\"\" class=\"wp-image-3198\" srcset=\"https:\/\/lyceedelessouriau.fr\/wp-content\/uploads\/2025\/07\/image-3.png 631w, https:\/\/lyceedelessouriau.fr\/wp-content\/uploads\/2025\/07\/image-3-300x71.png 300w\" sizes=\"auto, (max-width: 631px) 100vw, 631px\" \/><\/figure>\n","protected":false},"excerpt":{"rendered":"<p>La rentr\u00e9e des \u00e9l\u00e8ves aura lieu lundi 1er septembre pour les Secondes, CAP 1re ann\u00e9e, CPGE et BTS, et le mardi 2 septembre pour les Premi\u00e8res et Terminales, selon le planning ci-dessous. RECTIFICATIF : pour les CPGE, le stage de pr\u00e9-rentr\u00e9e a lieu le 26, 27 et 28 ao\u00fbt.<\/p>\n","protected":false},"author":1,"featured_media":0,"comment_status":"closed","ping_status":"open","sticky":false,"template":"","format":"standard","meta":{"footnotes":""},"categories":[26],"tags":[],"class_list":["post-3160","post","type-post","status-publish","format-standard","hentry","category-actualites"],"_links":{"self":[{"href":"https:\/\/lyceedelessouriau.fr\/index.php\/wp-json\/wp\/v2\/posts\/3160","targetHints":{"allow":["GET"]}}],"collection":[{"href":"https:\/\/lyceedelessouriau.fr\/index.php\/wp-json\/wp\/v2\/posts"}],"about":[{"href":"https:\/\/lyceedelessouriau.fr\/index.php\/wp-json\/wp\/v2\/types\/post"}],"author":[{"embeddable":true,"href":"https:\/\/lyceedelessouriau.fr\/index.php\/wp-json\/wp\/v2\/users\/1"}],"replies":[{"embeddable":true,"href":"https:\/\/lyceedelessouriau.fr\/index.php\/wp-json\/wp\/v2\/comments?post=3160"}],"version-history":[{"count":6,"href":"https:\/\/lyceedelessouriau.fr\/index.php\/wp-json\/wp\/v2\/posts\/3160\/revisions"}],"predecessor-version":[{"id":3201,"href":"https:\/\/lyceedelessouriau.fr\/index.php\/wp-json\/wp\/v2\/posts\/3160\/revisions\/3201"}],"wp:attachment":[{"href":"https:\/\/lyceedelessouriau.fr\/index.php\/wp-json\/wp\/v2\/media?parent=3160"}],"wp:term":[{"taxonomy":"category","embeddable":true,"href":"https:\/\/lyceedelessouriau.fr\/index.php\/wp-json\/wp\/v2\/categories?post=3160"},{"taxonomy":"post_tag","embeddable":true,"href":"https:\/\/lyceedelessouriau.fr\/index.php\/wp-json\/wp\/v2\/tags?post=3160"}],"curies":[{"name":"wp","href":"https:\/\/api.w.org\/{rel}","templated":true}]}}