{"id":3145,"date":"2025-06-27T14:05:54","date_gmt":"2025-06-27T12:05:54","guid":{"rendered":"https:\/\/lyceedelessouriau.fr\/?p=3145"},"modified":"2025-09-04T11:18:02","modified_gmt":"2025-09-04T09:18:02","slug":"forum-vers-lemploi","status":"publish","type":"post","link":"https:\/\/lyceedelessouriau.fr\/index.php\/2025\/06\/27\/forum-vers-lemploi\/","title":{"rendered":"Forum vers l&#8217;emploi"},"content":{"rendered":"\n<p>Lundi 30 juin, entre 08h30 et 14h00, se tiendra la troisi\u00e8me \u00e9dition du Forum vers l\u2019emploi du lyc\u00e9e de l\u2019Essouriau, une occasion pour nos futurs laur\u00e9ats de Bac pro et de BTS, scolaires et apprentis, de rencontrer des entreprises en recherche de comp\u00e9tences sp\u00e9cialis\u00e9es.<br>L\u2019\u00e9v\u00e8nement se tiendra au b\u00e2timent F. Venez nombreux !<\/p>\n\n\n\n<div data-wp-interactive=\"core\/file\" class=\"wp-block-file\"><object data-wp-bind--hidden=\"!state.hasPdfPreview\" hidden class=\"wp-block-file__embed\" data=\"https:\/\/lyceedelessouriau.fr\/wp-content\/uploads\/2025\/06\/forum-emploi-2025-entreprises-VF.pdf\" type=\"application\/pdf\" style=\"width:100%;height:600px\" aria-label=\"Contenu embarqu\u00e9 forum emploi 2025 entreprises VF.\"><\/object><a id=\"wp-block-file--media-47cdae3e-312a-4c22-ab72-b12a3a9f0c18\" href=\"https:\/\/lyceedelessouriau.fr\/wp-content\/uploads\/2025\/06\/forum-emploi-2025-entreprises-VF.pdf\">forum emploi 2025 entreprises VF<\/a><a href=\"https:\/\/lyceedelessouriau.fr\/wp-content\/uploads\/2025\/06\/forum-emploi-2025-entreprises-VF.pdf\" class=\"wp-block-file__button wp-element-button\" download aria-describedby=\"wp-block-file--media-47cdae3e-312a-4c22-ab72-b12a3a9f0c18\">T\u00e9l\u00e9charger<\/a><\/div>\n","protected":false},"excerpt":{"rendered":"<p>Lundi 30 juin, entre 08h30 et 14h00, se tiendra la troisi\u00e8me \u00e9dition du Forum vers l\u2019emploi du lyc\u00e9e de l\u2019Essouriau, une occasion pour nos futurs laur\u00e9ats de Bac pro et de BTS, scolaires et apprentis, de rencontrer des entreprises en recherche de comp\u00e9tences sp\u00e9cialis\u00e9es.L\u2019\u00e9v\u00e8nement se tiendra au b\u00e2timent F. Venez nombreux !<\/p>\n","protected":false},"author":1,"featured_media":0,"comment_status":"closed","ping_status":"open","sticky":false,"template":"","format":"standard","meta":{"footnotes":""},"categories":[26,1],"tags":[],"class_list":["post-3145","post","type-post","status-publish","format-standard","hentry","category-actualites","category-non-classe"],"_links":{"self":[{"href":"https:\/\/lyceedelessouriau.fr\/index.php\/wp-json\/wp\/v2\/posts\/3145","targetHints":{"allow":["GET"]}}],"collection":[{"href":"https:\/\/lyceedelessouriau.fr\/index.php\/wp-json\/wp\/v2\/posts"}],"about":[{"href":"https:\/\/lyceedelessouriau.fr\/index.php\/wp-json\/wp\/v2\/types\/post"}],"author":[{"embeddable":true,"href":"https:\/\/lyceedelessouriau.fr\/index.php\/wp-json\/wp\/v2\/users\/1"}],"replies":[{"embeddable":true,"href":"https:\/\/lyceedelessouriau.fr\/index.php\/wp-json\/wp\/v2\/comments?post=3145"}],"version-history":[{"count":3,"href":"https:\/\/lyceedelessouriau.fr\/index.php\/wp-json\/wp\/v2\/posts\/3145\/revisions"}],"predecessor-version":[{"id":3205,"href":"https:\/\/lyceedelessouriau.fr\/index.php\/wp-json\/wp\/v2\/posts\/3145\/revisions\/3205"}],"wp:attachment":[{"href":"https:\/\/lyceedelessouriau.fr\/index.php\/wp-json\/wp\/v2\/media?parent=3145"}],"wp:term":[{"taxonomy":"category","embeddable":true,"href":"https:\/\/lyceedelessouriau.fr\/index.php\/wp-json\/wp\/v2\/categories?post=3145"},{"taxonomy":"post_tag","embeddable":true,"href":"https:\/\/lyceedelessouriau.fr\/index.php\/wp-json\/wp\/v2\/tags?post=3145"}],"curies":[{"name":"wp","href":"https:\/\/api.w.org\/{rel}","templated":true}]}}