{"id":2878,"date":"2025-01-16T09:39:08","date_gmt":"2025-01-16T08:39:08","guid":{"rendered":"https:\/\/lyceedelessouriau.fr\/?p=2878"},"modified":"2025-06-06T14:22:28","modified_gmt":"2025-06-06T12:22:28","slug":"lessouriau-est-qualifie-pour-la-finale-francaise-du-concours-europeen-de-statistiques","status":"publish","type":"post","link":"https:\/\/lyceedelessouriau.fr\/index.php\/2025\/01\/16\/lessouriau-est-qualifie-pour-la-finale-francaise-du-concours-europeen-de-statistiques\/","title":{"rendered":"L&#8217;Essouriau est qualifi\u00e9 pour la finale fran\u00e7aise du Concours europ\u00e9en de statistiques !"},"content":{"rendered":"\n<p><\/p>\n\n\n\n<p><strong><em>Retrouvez ici toutes les \u00e9tapes ce cette incroyable aventure !<\/em><\/strong><\/p>\n\n\n\n<p>La 1ere \u00e9tape du <strong><a href=\"https:\/\/www.insee.fr\/fr\/information\/4495976\">concours europ\u00e9en de statistiques<\/a><\/strong> \u00e9dition 2025 (co-organis\u00e9 par l&#8217;INSEE pour la France) a vu se qualifier <strong>une seule \u00e9quipe d&#8217;un lyc\u00e9e public de toute l&#8217;acad\u00e9mie de Versailles<\/strong>. Et devinez quoi ? <strong>Ce lyc\u00e9e, c&#8217;est le n\u00f4tre !<\/strong><br>Deux \u00e9l\u00e8ves de TG sont ainsi venus \u00e0 bout de 3 questionnaires qui demandaient de faire des recherches documentaires en fran\u00e7ais et en anglais et de ma\u00eetriser des techniques statistiques et probabilistes vari\u00e9es. 520 \u00e9quipes inscrites, 101 qualifi\u00e9es pour la finale fran\u00e7aise seulement, dont une de l&#8217;Essouriau. <strong>Bravo \u00e0 Mathis et Alexandre, \u00e9l\u00e8ves de sp\u00e9cialit\u00e9 S.E.S<\/strong>.<br>Pour esp\u00e9rer figurer parmi les 2 \u00e9quipes qui iront d\u00e9fendre les couleurs fran\u00e7aises au niveau europ\u00e9en, il leur faudra maintenant traiter un \u00e9norme fichier de donn\u00e9es INSEE pour en tirer un diaporama r\u00e9pondant \u00e0 une probl\u00e9matique pr\u00e9cise. Bonne chance \u00e0 eux, on y croit tr\u00e8s fort.<\/p>\n\n\n\n<p><strong>MISE A JOUR du 25 mars : LES R\u00c9SULTATS SONT TOMB\u00c9S<\/strong> !<\/p>\n\n\n\n<p>Nous y croyions tr\u00e8s fort\u2026et nous avions bien raison&nbsp;! <strong>Alexandre et Mathis, \u00e9l\u00e8ves de TG sp\u00e9cialit\u00e9 S.E.S, remportent haut la main la finale fran\u00e7aise du Concours Europ\u00e9en de Statistiques 2025 <\/strong>sous le patronage de l\u2019INSEE.<br>Notre lyc\u00e9e devance ainsi des \u00e9tablissements prestigieux, du public comme du priv\u00e9 (Henri IV, des lyc\u00e9es fran\u00e7ais \u00e0 l\u2019\u00e9tranger entre autres) montrant ainsi la qualit\u00e9 de ses \u00e9l\u00e8ves et de ses enseignements.<br>Et maintenant <strong>en route pour la finale europ\u00e9enne<\/strong>, face \u00e0 des \u00e9quipes de toute l\u2019UE&nbsp;: Allemagne, Lituanie, Irlande, Slov\u00e9nie, Gr\u00e8ce\u2026Aucun lyc\u00e9e fran\u00e7ais n\u2019a encore remport\u00e9 le troph\u00e9e. Alors vous savez quoi&nbsp;? On va encore faire le pari d\u2019y croire&nbsp;!<\/p>\n\n\n\n<p><strong>MISE A JOUR du 6 juin : notre \u00e9quipe termine 5e ! Un grand bravo \u00e0 nos champions !<\/strong><\/p>\n\n\n\n<p>Vous pouvez voir les vid\u00e9os des diff\u00e9rents finalistes ci-dessous, et notamment celle de Mathis et Alexandre, LESWEBERS !<\/p>\n\n\n\n<figure class=\"wp-block-image size-full\"><a href=\"https:\/\/www.esc2025.eu\/\"><img loading=\"lazy\" decoding=\"async\" width=\"693\" height=\"761\" src=\"https:\/\/lyceedelessouriau.fr\/wp-content\/uploads\/2025\/01\/image.png\" alt=\"\" class=\"wp-image-3105\" srcset=\"https:\/\/lyceedelessouriau.fr\/wp-content\/uploads\/2025\/01\/image.png 693w, https:\/\/lyceedelessouriau.fr\/wp-content\/uploads\/2025\/01\/image-273x300.png 273w\" sizes=\"auto, (max-width: 693px) 100vw, 693px\" \/><\/a><\/figure>\n","protected":false},"excerpt":{"rendered":"<p>Retrouvez ici toutes les \u00e9tapes ce cette incroyable aventure ! La 1ere \u00e9tape du concours europ\u00e9en de statistiques \u00e9dition 2025 (co-organis\u00e9 par l&#8217;INSEE pour la France) a vu se qualifier une seule \u00e9quipe d&#8217;un lyc\u00e9e public de toute l&#8217;acad\u00e9mie de Versailles. Et devinez quoi ? Ce lyc\u00e9e, c&#8217;est le n\u00f4tre !Deux \u00e9l\u00e8ves de TG sont [&hellip;]<\/p>\n","protected":false},"author":1,"featured_media":0,"comment_status":"closed","ping_status":"open","sticky":false,"template":"","format":"standard","meta":{"footnotes":""},"categories":[1],"tags":[],"class_list":["post-2878","post","type-post","status-publish","format-standard","hentry","category-non-classe"],"_links":{"self":[{"href":"https:\/\/lyceedelessouriau.fr\/index.php\/wp-json\/wp\/v2\/posts\/2878","targetHints":{"allow":["GET"]}}],"collection":[{"href":"https:\/\/lyceedelessouriau.fr\/index.php\/wp-json\/wp\/v2\/posts"}],"about":[{"href":"https:\/\/lyceedelessouriau.fr\/index.php\/wp-json\/wp\/v2\/types\/post"}],"author":[{"embeddable":true,"href":"https:\/\/lyceedelessouriau.fr\/index.php\/wp-json\/wp\/v2\/users\/1"}],"replies":[{"embeddable":true,"href":"https:\/\/lyceedelessouriau.fr\/index.php\/wp-json\/wp\/v2\/comments?post=2878"}],"version-history":[{"count":6,"href":"https:\/\/lyceedelessouriau.fr\/index.php\/wp-json\/wp\/v2\/posts\/2878\/revisions"}],"predecessor-version":[{"id":3108,"href":"https:\/\/lyceedelessouriau.fr\/index.php\/wp-json\/wp\/v2\/posts\/2878\/revisions\/3108"}],"wp:attachment":[{"href":"https:\/\/lyceedelessouriau.fr\/index.php\/wp-json\/wp\/v2\/media?parent=2878"}],"wp:term":[{"taxonomy":"category","embeddable":true,"href":"https:\/\/lyceedelessouriau.fr\/index.php\/wp-json\/wp\/v2\/categories?post=2878"},{"taxonomy":"post_tag","embeddable":true,"href":"https:\/\/lyceedelessouriau.fr\/index.php\/wp-json\/wp\/v2\/tags?post=2878"}],"curies":[{"name":"wp","href":"https:\/\/api.w.org\/{rel}","templated":true}]}}