{"id":2750,"date":"2024-09-27T10:46:02","date_gmt":"2024-09-27T08:46:02","guid":{"rendered":"https:\/\/lyceedelessouriau.fr\/?p=2750"},"modified":"2024-10-01T14:17:34","modified_gmt":"2024-10-01T12:17:34","slug":"concours-deloquence","status":"publish","type":"post","link":"https:\/\/lyceedelessouriau.fr\/index.php\/2024\/09\/27\/concours-deloquence\/","title":{"rendered":"Concours d&#8217;\u00e9loquence"},"content":{"rendered":"\n<h2 class=\"wp-block-heading\">Le concours d\u2019\u00e9loquence de l\u2019agglo \u00ab A pleine voix \u00bb, revient !<\/h2>\n\n\n\n<figure class=\"wp-block-image\"><img loading=\"lazy\" decoding=\"async\" width=\"1280\" height=\"474\" src=\"https:\/\/lyceedelessouriau.fr\/wp-content\/uploads\/2024\/09\/image.jpeg\" alt=\"\" class=\"wp-image-2752\" title=\"\" srcset=\"https:\/\/lyceedelessouriau.fr\/wp-content\/uploads\/2024\/09\/image.jpeg 1280w, https:\/\/lyceedelessouriau.fr\/wp-content\/uploads\/2024\/09\/image-300x111.jpeg 300w, https:\/\/lyceedelessouriau.fr\/wp-content\/uploads\/2024\/09\/image-1024x379.jpeg 1024w, https:\/\/lyceedelessouriau.fr\/wp-content\/uploads\/2024\/09\/image-768x284.jpeg 768w\" sizes=\"auto, (max-width: 1280px) 100vw, 1280px\" \/><\/figure>\n\n\n\n<p><strong>Apr\u00e8s trois \u00e9ditions couronn\u00e9es de succ\u00e8s : 220 candidats et 23 villes repr\u00e9sent\u00e9es, le concours d\u2019\u00e9loquence de l\u2019agglo Paris-Saclay \u00ab A Pleine Voix \u00bb revient pour une quatri\u00e8me \u00e9dition.<\/strong><br><br>Cette ann\u00e9e, la th\u00e9matique retenue est l\u2019environnement. Qui sera le plus convaincant ? Avec quels mots en parlerez-vous ? Quelles id\u00e9es d\u00e9velopperez-vous ? Il y a tant de mani\u00e8re d\u2019aborder ce sujet\u2026<\/p>\n\n\n\n<p><strong>Ouvert \u00e0 tous les jeunes de 14 \u00e0 18 ans<\/strong> r\u00e9sidant, \u00e9tudiant ou pratiquant une activit\u00e9 associative sur le territoire, \u00c0 pleine voix vise<strong> \u00e0 former et sensibiliser les jeunes \u00e0 la prise de parole en public<\/strong> et tr\u00e8s concr\u00e8tement <strong>\u00e0 se pr\u00e9parer au Grand Oral du baccalaur\u00e9at<\/strong>.<\/p>\n\n\n\n<ul class=\"wp-block-list\">\n<li>Une premi\u00e8re phase d\u2019auditions de s\u00e9lection aura lieu les <strong>22 et 23 novembre 2024<\/strong> dans chaque ville participante.<\/li>\n\n\n\n<li>En janvier se tiendra la deuxi\u00e8me phase de 5 demi-finales<\/li>\n\n\n\n<li>La grande finale pr\u00e9vue le <strong>21 mars 2025<\/strong>.<\/li>\n<\/ul>\n\n\n\n<p>Tout le long du concours, les candidats b\u00e9n\u00e9ficieront d\u2019ateliers de coaching ou de sessions encadr\u00e9es de r\u00e9p\u00e9tition.&nbsp;<\/p>\n\n\n\n<p>Inscriptions ouvertes&nbsp;du 10 septembre au 8 novembre. Vous \u00eates Ulissiens ? Inscrivez-vous par mail \u00e0&nbsp;<a href=\"https:\/\/www.lesulis.fr\/268\/le-concours-d-eloquence-2025.htm#\">eloquence@lesulis.fr<\/a><\/p>\n\n\n\n<div data-wp-interactive=\"core\/file\" class=\"wp-block-file\"><object data-wp-bind--hidden=\"!state.hasPdfPreview\" hidden class=\"wp-block-file__embed\" data=\"https:\/\/lyceedelessouriau.fr\/wp-content\/uploads\/2024\/09\/Concours-eloquence1.pdf\" type=\"application\/pdf\" style=\"width:100%;height:600px\" aria-label=\"Contenu embarqu\u00e9 Concours \u00e9loquence1.\"><\/object><a id=\"wp-block-file--media-7e85630c-b3d6-48b6-8b06-c88a64a601d0\" href=\"https:\/\/lyceedelessouriau.fr\/wp-content\/uploads\/2024\/09\/Concours-eloquence1.pdf\">Concours \u00e9loquence1<\/a><a href=\"https:\/\/lyceedelessouriau.fr\/wp-content\/uploads\/2024\/09\/Concours-eloquence1.pdf\" class=\"wp-block-file__button wp-element-button\" download aria-describedby=\"wp-block-file--media-7e85630c-b3d6-48b6-8b06-c88a64a601d0\">T\u00e9l\u00e9charger<\/a><\/div>\n","protected":false},"excerpt":{"rendered":"<p>Le concours d\u2019\u00e9loquence de l\u2019agglo \u00ab A pleine voix \u00bb, revient ! Apr\u00e8s trois \u00e9ditions couronn\u00e9es de succ\u00e8s : 220 candidats et 23 villes repr\u00e9sent\u00e9es, le concours d\u2019\u00e9loquence de l\u2019agglo Paris-Saclay \u00ab A Pleine Voix \u00bb revient pour une quatri\u00e8me \u00e9dition. Cette ann\u00e9e, la th\u00e9matique retenue est l\u2019environnement. Qui sera le plus convaincant ? Avec [&hellip;]<\/p>\n","protected":false},"author":1,"featured_media":0,"comment_status":"closed","ping_status":"closed","sticky":false,"template":"","format":"standard","meta":{"footnotes":""},"categories":[26],"tags":[],"class_list":["post-2750","post","type-post","status-publish","format-standard","hentry","category-actualites"],"_links":{"self":[{"href":"https:\/\/lyceedelessouriau.fr\/index.php\/wp-json\/wp\/v2\/posts\/2750","targetHints":{"allow":["GET"]}}],"collection":[{"href":"https:\/\/lyceedelessouriau.fr\/index.php\/wp-json\/wp\/v2\/posts"}],"about":[{"href":"https:\/\/lyceedelessouriau.fr\/index.php\/wp-json\/wp\/v2\/types\/post"}],"author":[{"embeddable":true,"href":"https:\/\/lyceedelessouriau.fr\/index.php\/wp-json\/wp\/v2\/users\/1"}],"replies":[{"embeddable":true,"href":"https:\/\/lyceedelessouriau.fr\/index.php\/wp-json\/wp\/v2\/comments?post=2750"}],"version-history":[{"count":1,"href":"https:\/\/lyceedelessouriau.fr\/index.php\/wp-json\/wp\/v2\/posts\/2750\/revisions"}],"predecessor-version":[{"id":2753,"href":"https:\/\/lyceedelessouriau.fr\/index.php\/wp-json\/wp\/v2\/posts\/2750\/revisions\/2753"}],"wp:attachment":[{"href":"https:\/\/lyceedelessouriau.fr\/index.php\/wp-json\/wp\/v2\/media?parent=2750"}],"wp:term":[{"taxonomy":"category","embeddable":true,"href":"https:\/\/lyceedelessouriau.fr\/index.php\/wp-json\/wp\/v2\/categories?post=2750"},{"taxonomy":"post_tag","embeddable":true,"href":"https:\/\/lyceedelessouriau.fr\/index.php\/wp-json\/wp\/v2\/tags?post=2750"}],"curies":[{"name":"wp","href":"https:\/\/api.w.org\/{rel}","templated":true}]}}