{"id":2694,"date":"2024-06-10T12:39:00","date_gmt":"2024-06-10T10:39:00","guid":{"rendered":"https:\/\/lyceedelessouriau.fr\/?p=2694"},"modified":"2024-06-10T12:39:01","modified_gmt":"2024-06-10T10:39:01","slug":"la-4e-edition-du-concours-de-nouvelles-fantastiques-du-lycee-sacheve-un-grand-succes","status":"publish","type":"post","link":"https:\/\/lyceedelessouriau.fr\/index.php\/2024\/06\/10\/la-4e-edition-du-concours-de-nouvelles-fantastiques-du-lycee-sacheve-un-grand-succes\/","title":{"rendered":"La 4e \u00e9dition du concours de nouvelles fantastiques du lyc\u00e9e s&#8217;ach\u00e8ve : un grand succ\u00e8s !"},"content":{"rendered":"\n<p>C&#8217;est avec une grande joie que nous annon\u00e7ons la cl\u00f4ture de la 4e \u00e9dition du concours de nouvelles fantastiques organis\u00e9 au sein de l&#8217;Acad\u00e9mie de Versailles. Cette ann\u00e9e encore, l&#8217;\u00e9v\u00e9nement a rencontr\u00e9 un franc succ\u00e8s, avec de nombreux \u00e9l\u00e8ves talentueux participant et partageant leur passion pour l&#8217;\u00e9criture et l&#8217;imaginaire. Apr\u00e8s un examen attentif des nombreuses nouvelles arriv\u00e9es en finale acad\u00e9mique, le jury a d\u00e9lib\u00e9r\u00e9 et attribu\u00e9 quatre prix dans cinq cat\u00e9gories diff\u00e9rentes : meilleur style litt\u00e9raire, meilleur d\u00e9nouement, meilleur \u00e9l\u00e9ment fantastique et le prix coup de c\u0153ur du jury.<\/p>\n\n\n\n<p>Nous sommes particuli\u00e8rement fiers de f\u00e9liciter deux de nos \u00e9l\u00e8ves qui ont brill\u00e9 dans la cat\u00e9gorie LLCE :<\/p>\n\n\n\n<ul class=\"wp-block-list\">\n<li><strong>Laurynn Eulalie<\/strong>, de la classe de 1G6, a remport\u00e9 le prix du <strong>meilleur style litt\u00e9raire<\/strong> pour son conte captivant intitul\u00e9 &#8220;La estrella de Navidad&#8221;. Son talent pour l&#8217;\u00e9criture et son imagination d\u00e9bordante ont conquis le jury.<\/li>\n\n\n\n<li><strong>L\u00e9ana Fourr\u00e9<\/strong>, de la classe de 1G2, a re\u00e7u le prix <strong>coup de coeur du jury<\/strong> pour son conte &#8220;Soy tu miedo&#8221;. Sa nouvelle, empreinte d&#8217;\u00e9motions et d&#8217;originalit\u00e9, a profond\u00e9ment touch\u00e9 les membres du jury.<\/li>\n<\/ul>\n\n\n\n<p><a href=\"https:\/\/www.canva.com\/design\/DAGGOnk9_po\/tdhLSLuxfb-GHsaL175Rfg\/view?utm_content=DAGGOnk9_po&amp;utm_campaign=designshare&amp;utm_medium=link&amp;utm_source=editor\">https:\/\/www.canva.com\/design\/DAGGOnk9_po\/tdhLSLuxfb-GHsaL175Rfg\/view?utm_content=DAGGOnk9_po&amp;amp;utm_campaign=designshare&amp;amp;utm_medium=link&amp;amp;utm_source=editor<\/a><\/p>\n\n\n\n<p>Ce succ\u00e8s est le fruit du travail et du talent de nos \u00e9l\u00e8ves, ainsi que de l&#8217;engagement des enseignants et des membres du jury qui ont contribu\u00e9 \u00e0 l&#8217;organisation et au bon d\u00e9roulement du concours. Nous leur adressons nos sinc\u00e8res remerciements pour leur implication et leur passion.<\/p>\n\n\n\n<p>F\u00e9licitations \u00e0 tous les participants et aux laur\u00e9ats de cette \u00e9dition ! Nous encourageons tous les \u00e9l\u00e8ves \u00e0 continuer \u00e0 explorer leur cr\u00e9ativit\u00e9 et \u00e0 partager leur passion pour l&#8217;\u00e9criture.<\/p>\n\n\n\n<figure class=\"wp-block-image size-large\"><img loading=\"lazy\" decoding=\"async\" width=\"1024\" height=\"566\" src=\"https:\/\/lyceedelessouriau.fr\/wp-content\/uploads\/2024\/06\/primes-concours-contes-fantastiques-1024x566.png\" alt=\"\" class=\"wp-image-2695\" srcset=\"https:\/\/lyceedelessouriau.fr\/wp-content\/uploads\/2024\/06\/primes-concours-contes-fantastiques-1024x566.png 1024w, https:\/\/lyceedelessouriau.fr\/wp-content\/uploads\/2024\/06\/primes-concours-contes-fantastiques-300x166.png 300w, https:\/\/lyceedelessouriau.fr\/wp-content\/uploads\/2024\/06\/primes-concours-contes-fantastiques-768x425.png 768w, https:\/\/lyceedelessouriau.fr\/wp-content\/uploads\/2024\/06\/primes-concours-contes-fantastiques-1536x849.png 1536w, https:\/\/lyceedelessouriau.fr\/wp-content\/uploads\/2024\/06\/primes-concours-contes-fantastiques.png 1639w\" sizes=\"auto, (max-width: 1024px) 100vw, 1024px\" \/><\/figure>\n","protected":false},"excerpt":{"rendered":"<p>C&#8217;est avec une grande joie que nous annon\u00e7ons la cl\u00f4ture de la 4e \u00e9dition du concours de nouvelles fantastiques organis\u00e9 au sein de l&#8217;Acad\u00e9mie de Versailles. Cette ann\u00e9e encore, l&#8217;\u00e9v\u00e9nement a rencontr\u00e9 un franc succ\u00e8s, avec de nombreux \u00e9l\u00e8ves talentueux participant et partageant leur passion pour l&#8217;\u00e9criture et l&#8217;imaginaire. Apr\u00e8s un examen attentif des nombreuses [&hellip;]<\/p>\n","protected":false},"author":1,"featured_media":0,"comment_status":"closed","ping_status":"closed","sticky":false,"template":"","format":"standard","meta":{"footnotes":""},"categories":[25],"tags":[],"class_list":["post-2694","post","type-post","status-publish","format-standard","hentry","category-descriptifs-disciplines"],"_links":{"self":[{"href":"https:\/\/lyceedelessouriau.fr\/index.php\/wp-json\/wp\/v2\/posts\/2694","targetHints":{"allow":["GET"]}}],"collection":[{"href":"https:\/\/lyceedelessouriau.fr\/index.php\/wp-json\/wp\/v2\/posts"}],"about":[{"href":"https:\/\/lyceedelessouriau.fr\/index.php\/wp-json\/wp\/v2\/types\/post"}],"author":[{"embeddable":true,"href":"https:\/\/lyceedelessouriau.fr\/index.php\/wp-json\/wp\/v2\/users\/1"}],"replies":[{"embeddable":true,"href":"https:\/\/lyceedelessouriau.fr\/index.php\/wp-json\/wp\/v2\/comments?post=2694"}],"version-history":[{"count":1,"href":"https:\/\/lyceedelessouriau.fr\/index.php\/wp-json\/wp\/v2\/posts\/2694\/revisions"}],"predecessor-version":[{"id":2696,"href":"https:\/\/lyceedelessouriau.fr\/index.php\/wp-json\/wp\/v2\/posts\/2694\/revisions\/2696"}],"wp:attachment":[{"href":"https:\/\/lyceedelessouriau.fr\/index.php\/wp-json\/wp\/v2\/media?parent=2694"}],"wp:term":[{"taxonomy":"category","embeddable":true,"href":"https:\/\/lyceedelessouriau.fr\/index.php\/wp-json\/wp\/v2\/categories?post=2694"},{"taxonomy":"post_tag","embeddable":true,"href":"https:\/\/lyceedelessouriau.fr\/index.php\/wp-json\/wp\/v2\/tags?post=2694"}],"curies":[{"name":"wp","href":"https:\/\/api.w.org\/{rel}","templated":true}]}}