{"id":2258,"date":"2023-10-03T13:09:05","date_gmt":"2023-10-03T11:09:05","guid":{"rendered":"http:\/\/lyceedelessouriau.fr\/?p=2258"},"modified":"2024-01-23T13:09:02","modified_gmt":"2024-01-23T12:09:02","slug":"les-differents-salons-orientation-en-ile-de-france","status":"publish","type":"post","link":"https:\/\/lyceedelessouriau.fr\/index.php\/2023\/10\/03\/les-differents-salons-orientation-en-ile-de-france\/","title":{"rendered":"Les diff\u00e9rents salons &#8220;Orientation&#8221; en Ile-de-France et les Portes Ouvertes"},"content":{"rendered":"\n<p>Comme chaque ann\u00e9e les salons de l&#8217;orientation en partenariat avec l&#8217;Etudiant proposent des rencontres pour pr\u00e9parer l&#8217;orientation future des \u00e9l\u00e8ves. Vous trouverez ci-dessous les dates des diff\u00e9rents salons et forums d&#8217;Ile-de-France. <em>(L&#8217;article sera mis \u00e0 jour r\u00e9guli\u00e8rement)<\/em><\/p>\n\n\n\n<p><em>Vous pouvez \u00e9galement consulter les <a href=\"http:\/\/padlet.com\/profsdocsessouriau\/52mnn0h6ts3amzqe\">dates des salons et des Portes ouvertes<\/a> et trouver des <a href=\"http:\/\/padlet.com\/profsdocsessouriau\/52mnn0h6ts3amzqe\">informations sur les diff\u00e9rentes \u00e9coles et \u00e9tablissements post-bac<\/a> <a href=\"http:\/\/padlet.com\/profsdocsessouriau\/52mnn0h6ts3amzqe\"><strong>ICI<\/strong><\/a><\/em>. Ce padlet<em> est r\u00e9guli\u00e8rement mis \u00e0 jour par les professeures-documentalistes et vous propose des <strong>ressources<\/strong> pour construire votre <strong>orientation<\/strong><\/em>.<\/p>\n\n\n\n<h2 class=\"wp-block-heading\" id=\"summary-item-1\">Octobre 2023<\/h2>\n\n\n\n<p><a href=\"https:\/\/salon-sante-social-paramedical-et-sport-paris.salon.letudiant.fr\/\" target=\"_blank\" rel=\"noreferrer noopener\">Salon sant\u00e9, social et param\u00e9dical<\/a> [l&#8217;Etudiant]<br>samedi 7 et dimanche 8 octobre 2023<br>Porte de Versailles &#8211; PARIS<\/p>\n\n\n\n<p><a href=\"https:\/\/salon-grandes-ecoles-paris.salon.letudiant.fr\/\" target=\"_blank\" rel=\"noreferrer noopener\">Salon grandes \u00e9coles<\/a> [l&#8217;Etudiant]<br>samedi 7 et dimanche 8 octobre 2023<br>Porte de Versailles &#8211; PARIS<\/p>\n\n\n\n<p><a href=\"https:\/\/salon-formations-et-metiers-artistiques-paris.salon.letudiant.fr\/\" target=\"_blank\" rel=\"noreferrer noopener\">Salon Formations et m\u00e9tiers artistiques<\/a> [l&#8217;Etudiant]<br>samedi 7 et dimanche 8 octobre 2023<br>Porte de Versailles &#8211; PARIS<\/p>\n\n\n\n<p><a href=\"https:\/\/salon-partir-etudier-a-l-etranger-paris.salon.letudiant.fr\/\" target=\"_blank\" rel=\"noreferrer noopener\">Salon \u00e9tudier \u00e0 l&#8217;\u00e9tranger<\/a> [l&#8217;Etudiant]<br>samedi 7 et dimanche 8 octobre 2023<br>Porte de Versailles &#8211; PARIS<\/p>\n\n\n\n<p><a href=\"https:\/\/www.rolandgarros-your-future.fr\/\" target=\"_blank\" rel=\"noreferrer noopener\">Salon Your Future<\/a><br>vendredi 13 et samedi 14 octobre 2023<br>Stade Roland-Garros &#8211; PARIS<\/p>\n\n\n\n<p><a href=\"https:\/\/parcoursup-evenements.etudiant.lefigaro.fr\/\" target=\"_blank\" rel=\"noreferrer noopener\">Salon Post Bac<\/a> [Le Figaro \u00e9tudiant]<br>samedi 14 et dimanche 15 octobre 2023<br>Espace Champerret &#8211; PARIS<\/p>\n\n\n\n<p><a href=\"https:\/\/rencontres-de-l-etudiant-tourisme-hotellerie-restauration-paris.salon.letudiant.fr\/\" target=\"_blank\" rel=\"noreferrer noopener\">Rencontres de l&#8217;Etudiant : tourisme, h\u00f4tellerie, restauration<\/a> [l&#8217;Etudiant]<br>samedi 21 octobre 2023<br>Espace Charenton &#8211; PARIS<\/p>\n\n\n\n<p><a href=\"https:\/\/rencontres-de-l-etudiant-luxe-mode-design-paris.salon.letudiant.fr\/\" target=\"_blank\" rel=\"noreferrer noopener\">Rencontres de l&#8217;Etudiant : luxe, mode, design<\/a> [l&#8217;Etudiant]<br>samedi 21 octobre 2023<br>Espace Charenton &#8211; PARIS<\/p>\n\n\n\n<p><a href=\"https:\/\/les-rencontres-de-l-etudiant-sport-animation-dietetique-paris.salon.letudiant.fr\/\" target=\"_blank\" rel=\"noreferrer noopener\">Rencontres de l&#8217;Etudiant : sport, animation, di\u00e9t\u00e9tique<\/a>&nbsp;[l&#8217;Etudiant]<br>samedi 21 octobre 2023<br>Espace Charenton &#8211; PARIS<\/p>\n\n\n\n<h2 class=\"wp-block-heading\" id=\"summary-item-2\">Novembre 2023<\/h2>\n\n\n\n<p><a href=\"https:\/\/rencontres-journalisme-communication-marketing-paris.salon.letudiant.fr\/\" target=\"_blank\" rel=\"noreferrer noopener\">Rencontres de l&#8217;Etudiant : journalisme, communication, marketing<\/a> [l&#8217;Etudiant]<br>samedi 11 novembre 2023<br>NewCap Event Center &#8211; PARIS<\/p>\n\n\n\n<p><a href=\"https:\/\/www.studyrama.com\/salons\/salon-studyrama-grandes-ecoles-paris-28\" target=\"_blank\" rel=\"noreferrer noopener\">Salon Grandes \u00c9coles<\/a>&nbsp;[Studyrama]<br>samedi 11 et dimanche 12 novembre 2023<br>Paris Event Center &#8211; PARIS<\/p>\n\n\n\n<p><a href=\"https:\/\/www.educatech-expo.com\/\" target=\"_blank\" rel=\"noreferrer noopener\">Salon professionnel de l&#8217;innovation \u00e9ducative Educatech<\/a> [Weyou Group]<br>du mercredi 15 novembre au vendredi 17 novembre 2022<br>Porte de Versailles &#8211; PARIS<\/p>\n\n\n\n<p><a href=\"https:\/\/salon-education.com\/\" target=\"_blank\" rel=\"noreferrer noopener\">Salon europ\u00e9en de l&#8217;\u00e9ducation<\/a> [la ligue de l&#8217;enseignement]<br>du mercredi 15 au dimanche 19 novembre 2023<br>Porte de Versailles &#8211; PARIS<\/p>\n\n\n\n<p><a href=\"https:\/\/www.studyrama.com\/salons\/salon-studyrama-des-formations-art-mode-et-design-26\" target=\"_blank\" rel=\"noreferrer noopener\">Salon Studyrama des Formations Art, Mode et Design<\/a> [Studyrama]<br>samedi 18 novembre 2023<br>Paris Event Center &#8211; PARIS<\/p>\n\n\n\n<p><a href=\"https:\/\/www.studyrama.com\/salons\/salon-studyrama-des-formations-de-l-audiovisuel-et-du-170\" target=\"_blank\" rel=\"noreferrer noopener\">Salon des Formations de l\u2019Audiovisuel et du Cin\u00e9ma<\/a> [Studyrama]<br>samedi 18 novembre 2023<br>Paris Event Center &#8211; PARIS<\/p>\n\n\n\n<p><a href=\"https:\/\/www.studyrama.com\/salons\/salon-des-formations-du-luxe-paris-78\" target=\"_blank\" rel=\"noreferrer noopener\">Salon des Formations du Luxe<\/a> [Studyrama]<br>samedi 18 novembre 2023<br>Paris Event Center &#8211; PARIS<\/p>\n\n\n\n<p><a href=\"https:\/\/www.studyrama.com\/salons\/salon-studyrama-des-formations-sante-paramedical-45\" target=\"_blank\" rel=\"noreferrer noopener\">Salon des Formations Sant\u00e9, Param\u00e9dical et Social<\/a> [Studyrama]<br>samedi 18 novembre 2023<br>Paris Event Center &#8211; PARIS<\/p>\n\n\n\n<p><a href=\"https:\/\/www.studyrama.com\/salons\/salon-studyrama-sup-alternance-paris-251164\" target=\"_blank\" rel=\"noreferrer noopener\">Salon Alternance et Apprentissage<\/a> [Studyrama]<br>samedi 25 novembre 2023<br>Paris Event Center &#8211; PARIS<\/p>\n\n\n\n<p><a href=\"https:\/\/www.studyrama.com\/salons\/salon-studyrama-de-la-rentree-de-janvier-et-fevrier-67\" target=\"_blank\" rel=\"noreferrer noopener\">Salon de la R\u00e9orientation<\/a> [Studyrama]<br>samedi 25 novembre 2023<br>Paris Event Center &#8211; PARIS<\/p>\n\n\n\n<p><a href=\"https:\/\/www.studyrama.com\/salons\/salon-studyrama-des-formations-web-et-informatique-44\" target=\"_blank\" rel=\"noreferrer noopener\">Salon des Formations du Num\u00e9rique<\/a> [Studyrama]<br>samedi 25 novembre 2023<br>Paris Event Center &#8211; PARIS<\/p>\n\n\n\n<h2 class=\"wp-block-heading\" id=\"summary-item-3\">D\u00e9cembre 2023<\/h2>\n\n\n\n<p><a href=\"https:\/\/salon-de-l-etudiant-paris-saclay.salon.letudiant.fr\/\">Salon de l&#8217;Etudiant de Paris-Saclay<\/a><br>samedi 2 d\u00e9cembre 2023<br>Palais des Congr\u00e8s &#8211; MASSY<\/p>\n\n\n\n<p><a href=\"https:\/\/salon-jeux-video-et-cinema-d-animation-paris.salon.letudiant.fr\/\" target=\"_blank\" rel=\"noreferrer noopener\">Salon jeux vid\u00e9o et cin\u00e9ma d&#8217;animation<\/a> [l&#8217;Etudiant]<br>samedi 9 d\u00e9cembre 2023<br>Espace Champerret &#8211; PARIS<\/p>\n\n\n\n<p><a href=\"https:\/\/salon-numerique-et-informatique-paris.salon.letudiant.fr\/\" target=\"_blank\" rel=\"noreferrer noopener\">Salon num\u00e9rique, informatique et cyber-s\u00e9curit\u00e9<\/a>&nbsp;[l&#8217;Etudiant]<br>samedi 9 d\u00e9cembre 2023<br>Espace Champerret &#8211; PARIS<\/p>\n\n\n\n<p><a href=\"https:\/\/salon-formations-et-metiers-de-la-transition-ecologique.salon.letudiant.fr\/\" target=\"_blank\" rel=\"noreferrer noopener\">Salon formations et m\u00e9tiers de la transition \u00e9cologique<\/a> [l&#8217;Etudiant]<br>samedi 9 d\u00e9cembre 2023<br>Espace Champerret &#8211; PARIS<\/p>\n\n\n\n<p><a href=\"https:\/\/salon-concours-et-prepas-paris.salon.letudiant.fr\/\" target=\"_blank\" rel=\"noreferrer noopener\">Salon concours et pr\u00e9pas<\/a> [l&#8217;Etudiant]<br>samedi 9 d\u00e9cembre 2023<br>Espace Champerret &#8211; PARIS<\/p>\n\n\n\n<p><a href=\"https:\/\/www.studyrama.com\/salons\/salon-studyrama-de-la-poursuite-d-etudes-apres-un-bac-32\" target=\"_blank\" rel=\"noreferrer noopener\">Salon de la Poursuite d\u2019\u00c9tudes et Masters (Bac+2 \u00e0 Bac+6)<\/a> [Studyrama]<br>samedi 9 d\u00e9cembre 2023<br>Cit\u00e9 internationale universitaire &#8211; PARIS<\/p>\n\n\n\n<p><a href=\"https:\/\/salon-de-l-etudiant-en-val-d-oise-cergy-pontoise.salon.letudiant.fr\/\" target=\"_blank\" rel=\"noreferrer noopener\">Salon de l&#8217;Etudiant en Val d&#8217;Oise<\/a>&nbsp;[l&#8217;Etudiant]<br>samedi 16 d\u00e9cembre 2023<br>Universit\u00e9 de Cergy-Pontoise &#8211; CERGY<\/p>\n\n\n\n<h2 class=\"wp-block-heading\" id=\"summary-item-4\">Janvier 2024<\/h2>\n\n\n\n<p><a href=\"https:\/\/rencontres-de-l-etudiant-poursuite-d-etudes-et-masters-paris.salon.letudiant.fr\/\" target=\"_blank\" rel=\"noreferrer noopener\">Salon masters et mast\u00e8res sp\u00e9cialis\u00e9s, en France et \u00e0 l&#8217;\u00e9tranger<\/a> [l&#8217;Etudiant]<br>samedi 20 janvier 2024<br>Palais des Congr\u00e8s &#8211; PARIS<\/p>\n\n\n\n<p><a href=\"https:\/\/salon-de-l-etudiant-en-yvelines-saint-quentin-en-yvelines.salon.letudiant.fr\/\" target=\"_blank\" rel=\"noreferrer noopener\">Salon de l&#8217;Etudiant en Yvelines<\/a> [l&#8217;Etudiant]<br>samedi 20 janvier 2024<br>V\u00e9lodrome &#8211; SAINT-QUENTIN-EN-YVELINES<\/p>\n\n\n\n<p><a href=\"https:\/\/www.studyrama.com\/salons\/salon-studyrama-des-formations-automobiles-134\" target=\"_blank\" rel=\"noreferrer noopener\">Salon Studyrama des Formations Automobiles, A\u00e9ronautiques, Ferroviaires et Navales \u2013 P\u00f4le Transport\/Logistique<\/a> [Studyrama]<br>samedi 20 janvier 2024<br>Espace Champerret &#8211; PARIS<\/p>\n\n\n\n<p><a href=\"https:\/\/www.studyrama.com\/salons\/salon-studyrama-des-formations-du-sport-et-de-la-97\" target=\"_blank\" rel=\"noreferrer noopener\">Salon des Formations du Sport et de la Di\u00e9t\u00e9tique<\/a> [Studyrama]<br>samedi 20 janvier 2024<br>Espace Champerret &#8211; PARIS<\/p>\n\n\n\n<p><a href=\"https:\/\/www.studyrama.com\/salons\/salon-studyrama-des-formations-en-agroalimentaire-et-193\" target=\"_blank\" rel=\"noreferrer noopener\">Salon des Formations en Agroalimentaire et Environnement<\/a> [Studyrama]<br>samedi 20 janvier 2024<br>Espace Champerret &#8211; PARIS<\/p>\n\n\n\n<p><a href=\"https:\/\/www.studyrama.com\/salons\/salon-studyrama-des-metiers-defense-et-cybersecurite-125\" target=\"_blank\" rel=\"noreferrer noopener\">Salon des Formations et M\u00e9tiers en D\u00e9fense et Cybers\u00e9curit\u00e9<\/a> [Studyrama]<br>samedi 20 janvier 2024<br>Espace Champerret &#8211; PARIS<\/p>\n\n\n\n<p><a href=\"https:\/\/www.studyrama.com\/salons\/salon-studyrama-des-formations-gaming-et-coding-paris-201\" target=\"_blank\" rel=\"noreferrer noopener\">Salon des Formations Gaming et Coding<\/a> [Studyrama]<br>samedi 20 janvier 2024<br>Espace Champerret &#8211; PARIS<\/p>\n\n\n\n<p><a href=\"https:\/\/www.studyrama.com\/salons\/salon-studyrama-des-formations-commerciales-marketing-43\" target=\"_blank\" rel=\"noreferrer noopener\">Salon des Formations Commerciales, Marketing et Communication<\/a> [Studyrama]<br>samedi 27 janvier 2024<br>Espace Champerret &#8211; PARIS<\/p>\n\n\n\n<p><a href=\"https:\/\/www.studyrama.com\/salons\/salon-studyrama-des-formations-banque-finance-126\" target=\"_blank\" rel=\"noreferrer noopener\">Salon des Formations Banque, Finance, Assurance et Comptabilit\u00e9<\/a> [Studyrama]<br>samedi 27 janvier 2024<br>Espace Champerret &#8211; PARIS<\/p>\n\n\n\n<p><a href=\"https:\/\/www.studyrama.com\/salons\/salon-studyrama-des-formations-immobilieres-et-btp-de-172\" target=\"_blank\" rel=\"noreferrer noopener\">Salon des Formations Immobili\u00e8res et BTP<\/a>&nbsp;[Studyrama]<br>samedi 27 janvier 2024<br>Espace Champerret &#8211; PARIS<\/p>\n\n\n\n<p><a href=\"https:\/\/www.studyrama.com\/salons\/salon-studyrama-des-formations-rh-paris-175\" target=\"_blank\" rel=\"noreferrer noopener\">Salon des Formations RH<\/a> [Studyrama]<br>samedi 27 janvier 2024<br>Espace Champerret &#8211; PARIS<\/p>\n\n\n\n<p><a href=\"https:\/\/www.studyrama.com\/salons\/salon-studyrama-des-formations-tourisme-hotellerie-46\" target=\"_blank\" rel=\"noreferrer noopener\">Salon des Formations Tourisme et H\u00f4tellerie-Restauration<\/a> [Studyrama]<br>samedi 27 janvier 2024<br>Espace Champerret &#8211; PARIS<\/p>\n\n\n\n<h2 class=\"wp-block-heading\" id=\"summary-item-5\">F\u00e9vrier 2024<\/h2>\n\n\n\n<p><a href=\"https:\/\/salon-du-lyceen-et-de-l-etudiant-d-ile-de-france-paris.salon.letudiant.fr\/\" target=\"_blank\" rel=\"noreferrer noopener\">Salon du lyc\u00e9en et de l&#8217;\u00e9tudiant en \u00cele-de-France<\/a> [l&#8217;Etudiant]<br>du vendredi 2 au dimanche 4 f\u00e9vrier 2024<br>Porte de Versailles &#8211; PARIS<\/p>\n\n\n\n<p><a href=\"https:\/\/www.studyrama.com\/salons\/salon-studyrama-des-bts-de-paris-339489\" target=\"_blank\" rel=\"noreferrer noopener\">Salon des BTS<\/a> [Studyrama]<br>samedi 3 f\u00e9vrier 2024<br>Paris Event Center &#8211; PARIS<\/p>\n\n\n\n<p><a href=\"https:\/\/www.studyrama.com\/salons\/salon-des-formations-hors-parcoursup-105\" target=\"_blank\" rel=\"noreferrer noopener\">Salon des \u00c9tudes Sup\u00e9rieures<\/a> [Studyrama]<br>samedi 3 f\u00e9vrier 2024<br>Paris Event Center &#8211; PARIS<\/p>\n\n\n\n<p><a href=\"https:\/\/www.studyrama.com\/salons\/salon-des-masters-1-et-2-masteres-specialises-mba-paris-special-rentree-48\" target=\"_blank\" rel=\"noreferrer noopener\">Salon des Masters 1 et 2, Mast\u00e8res sp\u00e9cialis\u00e9s &amp; MBA<\/a> [Studyrama]<br>samedi 3 f\u00e9vrier 2024<br>Espace Charenton &#8211; PARIS<\/p>\n\n\n\n<p><a href=\"https:\/\/www.studyrama.com\/salons\/salon-studyrama-sup-alternance-de-paris-221\" target=\"_blank\" rel=\"noreferrer noopener\">Salon Sup\u2019Alternance et Apprentissage<\/a> [Studyrama]<br>samedi 3 f\u00e9vrier 2024<br>Paris Event Center &#8211; PARIS<\/p>\n\n\n\n<h2 class=\"wp-block-heading\" id=\"summary-item-6\">Mars 2024<\/h2>\n\n\n\n<p><a href=\"https:\/\/salon-apprentissage-alternance-et-metiers-paris.salon.letudiant.fr\/\" target=\"_blank\" rel=\"noreferrer noopener\">Salon apprentissage, alternance et m\u00e9tiers<\/a> [l&#8217;Etudiant]<br>vendredi 1 et samedi 2 mars 2024<br>Espace Champerret &#8211; PARIS<\/p>\n\n\n\n<p><a href=\"https:\/\/www.talentsfortheplanet.fr\/\" target=\"_blank\" rel=\"noreferrer noopener\">Salon Talents for the planet &#8211; transition \u00e9cologique et soci\u00e9tale<\/a> [AEF Info et Produrable]<br>mercredi 6 mars 2024<br>Route de la Pyramide, Hall de la Pin\u00e8de &#8211; PARIS<\/p>\n\n\n\n<h2 class=\"wp-block-heading\" id=\"summary-item-7\">Juin 2024<\/h2>\n\n\n\n<p><a href=\"https:\/\/salon-etudes-superieures-avec-ou-sans-alternance-paris.salon.letudiant.fr\/\" target=\"_blank\" rel=\"noreferrer noopener\">Salon de l&#8217;Etudiant<\/a>&nbsp;[l&#8217;Etudiant]<br>samedi 22 juin 2024<br>Espace Champerret<\/p>\n\n\n\n<p><a href=\"https:\/\/www.studyrama.com\/salons\/salon-des-etudes-superieures-de-paris-ou-s-inscrire-encore-251403\" target=\"_blank\" rel=\"noreferrer noopener\">Salon des \u00c9tudes Sup\u00e9rieures &#8211; O\u00f9 s\u2019inscrire encore ?<\/a> [Studyrama]<br>samedi 22 juin 2024<br>Espace Charenton &#8211; PARIS<\/p>\n\n\n\n<p><a rel=\"noreferrer noopener\" href=\"https:\/\/www.studyrama.com\/salons\/salon-studyrama-sup-alternance-et-apprentissage-special-rentree-251399\" target=\"_blank\">Salon Sup\u2019Alternance et Apprentissage \u2013 sp\u00e9cial rentr\u00e9e<\/a> [Studyrama]<br>samedi 22 juin 2024<br>Espace Charenton &#8211; PARIS<\/p>\n\n\n\n<p><\/p>\n\n\n\n<p><\/p>\n\n\n\n<p><\/p>\n","protected":false},"excerpt":{"rendered":"<p>Comme chaque ann\u00e9e les salons de l&#8217;orientation en partenariat avec l&#8217;Etudiant proposent des rencontres pour pr\u00e9parer l&#8217;orientation future des \u00e9l\u00e8ves. Vous trouverez ci-dessous les dates des diff\u00e9rents salons et forums d&#8217;Ile-de-France. (L&#8217;article sera mis \u00e0 jour r\u00e9guli\u00e8rement) Vous pouvez \u00e9galement consulter les dates des salons et des Portes ouvertes et trouver des informations sur les [&hellip;]<\/p>\n","protected":false},"author":1,"featured_media":0,"comment_status":"closed","ping_status":"closed","sticky":false,"template":"","format":"standard","meta":{"footnotes":""},"categories":[24],"tags":[],"class_list":["post-2258","post","type-post","status-publish","format-standard","hentry","category-orientation"],"_links":{"self":[{"href":"https:\/\/lyceedelessouriau.fr\/index.php\/wp-json\/wp\/v2\/posts\/2258","targetHints":{"allow":["GET"]}}],"collection":[{"href":"https:\/\/lyceedelessouriau.fr\/index.php\/wp-json\/wp\/v2\/posts"}],"about":[{"href":"https:\/\/lyceedelessouriau.fr\/index.php\/wp-json\/wp\/v2\/types\/post"}],"author":[{"embeddable":true,"href":"https:\/\/lyceedelessouriau.fr\/index.php\/wp-json\/wp\/v2\/users\/1"}],"replies":[{"embeddable":true,"href":"https:\/\/lyceedelessouriau.fr\/index.php\/wp-json\/wp\/v2\/comments?post=2258"}],"version-history":[{"count":6,"href":"https:\/\/lyceedelessouriau.fr\/index.php\/wp-json\/wp\/v2\/posts\/2258\/revisions"}],"predecessor-version":[{"id":2563,"href":"https:\/\/lyceedelessouriau.fr\/index.php\/wp-json\/wp\/v2\/posts\/2258\/revisions\/2563"}],"wp:attachment":[{"href":"https:\/\/lyceedelessouriau.fr\/index.php\/wp-json\/wp\/v2\/media?parent=2258"}],"wp:term":[{"taxonomy":"category","embeddable":true,"href":"https:\/\/lyceedelessouriau.fr\/index.php\/wp-json\/wp\/v2\/categories?post=2258"},{"taxonomy":"post_tag","embeddable":true,"href":"https:\/\/lyceedelessouriau.fr\/index.php\/wp-json\/wp\/v2\/tags?post=2258"}],"curies":[{"name":"wp","href":"https:\/\/api.w.org\/{rel}","templated":true}]}}