{"id":2222,"date":"2023-09-08T11:10:39","date_gmt":"2023-09-08T09:10:39","guid":{"rendered":"http:\/\/lyceedelessouriau.fr\/?p=2222"},"modified":"2023-12-01T14:07:34","modified_gmt":"2023-12-01T13:07:34","slug":"prix-lyceen-du-livre-de-philosophie-2023","status":"publish","type":"post","link":"https:\/\/lyceedelessouriau.fr\/index.php\/2023\/09\/08\/prix-lyceen-du-livre-de-philosophie-2023\/","title":{"rendered":"Prix Lyc\u00e9en du livre de philosophie 2023"},"content":{"rendered":"\n<figure class=\"wp-block-image size-full is-resized\"><img loading=\"lazy\" decoding=\"async\" width=\"471\" height=\"107\" src=\"https:\/\/lyceedelessouriau.fr\/wp-content\/uploads\/2023\/12\/Region.png\" alt=\"\" class=\"wp-image-2404\" style=\"width:210px;height:auto\" srcset=\"https:\/\/lyceedelessouriau.fr\/wp-content\/uploads\/2023\/12\/Region.png 471w, https:\/\/lyceedelessouriau.fr\/wp-content\/uploads\/2023\/12\/Region-300x68.png 300w\" sizes=\"auto, (max-width: 471px) 100vw, 471px\" \/><\/figure>\n\n\n\n<p>Les 13 \u00e9l\u00e8ves de terminale sp\u00e9cialit\u00e9 HLP ont eu la chance de participer l&#8217;ann\u00e9e derni\u00e8re au jury du<strong> Prix Lyc\u00e9en du livre de philosophie 2023.<\/strong><\/p>\n\n\n\n<p>Trois ouvrages philosophiques parus r\u00e9cemment et r\u00e9dig\u00e9s par des auteurs francophones contemporains \u00e9taient en lice&nbsp;:<\/p>\n\n\n\n<p><strong><em>Le visage de nos col\u00e8res<\/em><\/strong>, de Sophie Galabru<\/p>\n\n\n\n<figure class=\"wp-block-image size-full\"><img loading=\"lazy\" decoding=\"async\" width=\"140\" height=\"215\" src=\"http:\/\/lyceedelessouriau.fr\/wp-content\/uploads\/2023\/09\/Galabru.png\" alt=\"\" class=\"wp-image-2223\"\/><\/figure>\n\n\n\n<figure class=\"wp-block-audio\"><audio controls src=\"http:\/\/lyceedelessouriau.fr\/wp-content\/uploads\/2023\/09\/Audio-le-visage-de-nos-coleres.mp3\"><\/audio><\/figure>\n\n\n\n<p><strong><em>Ecologie et d\u00e9mocratie<\/em><\/strong>, de Jo\u00eblle Zask<\/p>\n\n\n\n<figure class=\"wp-block-image size-full\"><img loading=\"lazy\" decoding=\"async\" width=\"217\" height=\"345\" src=\"http:\/\/lyceedelessouriau.fr\/wp-content\/uploads\/2023\/09\/Zask.png\" alt=\"\" class=\"wp-image-2224\" srcset=\"https:\/\/lyceedelessouriau.fr\/wp-content\/uploads\/2023\/09\/Zask.png 217w, https:\/\/lyceedelessouriau.fr\/wp-content\/uploads\/2023\/09\/Zask-189x300.png 189w\" sizes=\"auto, (max-width: 217px) 100vw, 217px\" \/><\/figure>\n\n\n\n<figure class=\"wp-block-audio\"><audio controls src=\"http:\/\/lyceedelessouriau.fr\/wp-content\/uploads\/2023\/09\/ecologie-et-democratie.mp3\"><\/audio><\/figure>\n\n\n\n<p><strong><em>La bienveillance des machines<\/em><\/strong>, de Pierre Cassou-Nogu\u00e8s<\/p>\n\n\n\n<figure class=\"wp-block-image size-full\"><img loading=\"lazy\" decoding=\"async\" width=\"225\" height=\"330\" src=\"http:\/\/lyceedelessouriau.fr\/wp-content\/uploads\/2023\/09\/Cassou.png\" alt=\"\" class=\"wp-image-2225\" srcset=\"https:\/\/lyceedelessouriau.fr\/wp-content\/uploads\/2023\/09\/Cassou.png 225w, https:\/\/lyceedelessouriau.fr\/wp-content\/uploads\/2023\/09\/Cassou-205x300.png 205w\" sizes=\"auto, (max-width: 225px) 100vw, 225px\" \/><\/figure>\n\n\n\n<figure class=\"wp-block-audio\"><audio controls src=\"http:\/\/lyceedelessouriau.fr\/wp-content\/uploads\/2023\/09\/La-bienveillance-des-machines.mp3\"><\/audio><\/figure>\n\n\n\n<p><strong>La classe vous pr\u00e9sente bri\u00e8vement chacun de ces ouvrages via les podcasts ci-dessus.<\/strong> &nbsp;S\u2019il vous prend l\u2019envie de les lire, sachez que ces livres sont disponibles au CDI du lyc\u00e9e&nbsp;!<\/p>\n\n\n\n<p>A l\u2019Essouriau, <strong>le vote des \u00e9l\u00e8ves s\u2019est port\u00e9 sur Ecologie et d\u00e9mocratie, de Jo\u00eblle Zask<\/strong>\u2026 \u00e0 5 voix contre 4 voix attribu\u00e9es respectivement \u00e0 chacun des deux autres ouvrages.<\/p>\n\n\n\n<p>Les r\u00e9sultats nationaux ont \u00e9t\u00e9 d\u00e9voil\u00e9s le 16 juin\u2026 <strong>Sophie Galabru est la laur\u00e9ate de la huiti\u00e8me \u00e9dition. <\/strong>F\u00e9licitations \u00e0 elle !<\/p>\n\n\n\n<p><strong>L\u2019Essouriau participera \u00e0 nouveau au prix cette ann\u00e9e.<\/strong> La s\u00e9lection annuelle s\u2019oriente toujours vers des livres accessibles aux \u00e9l\u00e8ves, d\u00e9veloppant une th\u00e8se originale qui nourrit et compl\u00e8te le cours de philosophie g\u00e9n\u00e9rale et le cours de sp\u00e9cialit\u00e9 \u00ab&nbsp;humanit\u00e9s&nbsp;\u00bb.<strong> Que vous soyez en terminale ou non, il vous est tout \u00e0 fait possible de faire partie du jury<\/strong> et de profiter de cette opportunit\u00e9 pour d\u00e9couvrir la philosophie ou pour approfondir vos cours et vos dissertations&nbsp;! <strong>Si cela vous tente, n\u2019h\u00e9sitez pas \u00e0 vous faire conna\u00eetre aupr\u00e8s de Mme Thivel, professeur de philosophie.<\/strong><\/p>\n\n\n\n<p>Pour en savoir plus&nbsp;: <a href=\"https:\/\/prixphilo.org\/\">https:\/\/prixphilo.org\/<\/a><\/p>\n","protected":false},"excerpt":{"rendered":"<p>Les 13 \u00e9l\u00e8ves de terminale sp\u00e9cialit\u00e9 HLP ont eu la chance de participer l&#8217;ann\u00e9e derni\u00e8re au jury du Prix Lyc\u00e9en du livre de philosophie 2023. Trois ouvrages philosophiques parus r\u00e9cemment et r\u00e9dig\u00e9s par des auteurs francophones contemporains \u00e9taient en lice&nbsp;: Le visage de nos col\u00e8res, de Sophie Galabru Ecologie et d\u00e9mocratie, de Jo\u00eblle Zask La [&hellip;]<\/p>\n","protected":false},"author":1,"featured_media":0,"comment_status":"closed","ping_status":"closed","sticky":false,"template":"","format":"standard","meta":{"footnotes":""},"categories":[26],"tags":[],"class_list":["post-2222","post","type-post","status-publish","format-standard","hentry","category-actualites"],"_links":{"self":[{"href":"https:\/\/lyceedelessouriau.fr\/index.php\/wp-json\/wp\/v2\/posts\/2222","targetHints":{"allow":["GET"]}}],"collection":[{"href":"https:\/\/lyceedelessouriau.fr\/index.php\/wp-json\/wp\/v2\/posts"}],"about":[{"href":"https:\/\/lyceedelessouriau.fr\/index.php\/wp-json\/wp\/v2\/types\/post"}],"author":[{"embeddable":true,"href":"https:\/\/lyceedelessouriau.fr\/index.php\/wp-json\/wp\/v2\/users\/1"}],"replies":[{"embeddable":true,"href":"https:\/\/lyceedelessouriau.fr\/index.php\/wp-json\/wp\/v2\/comments?post=2222"}],"version-history":[{"count":3,"href":"https:\/\/lyceedelessouriau.fr\/index.php\/wp-json\/wp\/v2\/posts\/2222\/revisions"}],"predecessor-version":[{"id":2405,"href":"https:\/\/lyceedelessouriau.fr\/index.php\/wp-json\/wp\/v2\/posts\/2222\/revisions\/2405"}],"wp:attachment":[{"href":"https:\/\/lyceedelessouriau.fr\/index.php\/wp-json\/wp\/v2\/media?parent=2222"}],"wp:term":[{"taxonomy":"category","embeddable":true,"href":"https:\/\/lyceedelessouriau.fr\/index.php\/wp-json\/wp\/v2\/categories?post=2222"},{"taxonomy":"post_tag","embeddable":true,"href":"https:\/\/lyceedelessouriau.fr\/index.php\/wp-json\/wp\/v2\/tags?post=2222"}],"curies":[{"name":"wp","href":"https:\/\/api.w.org\/{rel}","templated":true}]}}