{"id":1964,"date":"2023-01-30T12:59:06","date_gmt":"2023-01-30T11:59:06","guid":{"rendered":"http:\/\/lyceedelessouriau.fr\/?p=1964"},"modified":"2023-02-02T10:52:03","modified_gmt":"2023-02-02T09:52:03","slug":"forum-des-metiers-organise-par-le-rotary-club-dorsay","status":"publish","type":"post","link":"https:\/\/lyceedelessouriau.fr\/index.php\/2023\/01\/30\/forum-des-metiers-organise-par-le-rotary-club-dorsay\/","title":{"rendered":"Forum des m\u00e9tiers organis\u00e9 par le rotary club d\u2019Orsay"},"content":{"rendered":"\n<h1 class=\"wp-block-heading\"><\/h1>\n\n\n\n<p>A tous les \u00e9l\u00e8ves et les parents de 1\u00e8res GT,<\/p>\n\n\n\n<p>Nous vous informons de la tenue du 28e Forum des m\u00e9tiers organis\u00e9 par le rotary club d\u2019Orsay \u200b<strong>le samedi 4 f\u00e9vrier 2023.\u200b<\/strong><\/p>\n\n\n\n<p>Le cr\u00e9neau r\u00e9serv\u00e9 \u00e0 notre \u00e9tablissement sera&nbsp;<strong>de 9h \u00e0 10h30<\/strong>&nbsp;<strong>pour les G\u00e9n\u00e9raux, et \u00e0 partir de 10h15 jusqu\u2019\u00e0 12h pour les Technologiques<\/strong> \u00e0 la <strong>fac des Sciences d\u2019Orsay B\u00e2timent 337-338<\/strong>.\u200b<\/p>\n\n\n\n<p>Ce sera l\u2019<strong>unique<\/strong>&nbsp;occasion pour les \u00e9l\u00e8ves de 1\u00e8res de pouvoir rencontrer des professionnels dans diverses branches de m\u00e9tiers et d\u2019\u00e9changer avec eux.&nbsp;Nous vous incitons \u00e0 participer nombreux \u00e0 cet \u00e9v\u00e9nement qui requiert une lourde organisation et implique la pr\u00e9sence de nombreux professionnels dispos\u00e9s \u00e0 r\u00e9pondre \u00e0 toutes vos questions.<\/p>\n\n\n\n<p>\u200b\u200bLa direction<\/p>\n\n\n\n<div data-wp-interactive=\"core\/file\" class=\"wp-block-file\"><object data-wp-bind--hidden=\"!state.hasPdfPreview\" hidden class=\"wp-block-file__embed\" data=\"http:\/\/lyceedelessouriau.fr\/wp-content\/uploads\/2023\/02\/Forum-des-metiers-Liste-des-professions-2023-VF.pdf\" type=\"application\/pdf\" style=\"width:100%;height:600px\" aria-label=\"Contenu embarqu\u00e9 Forum-des-metiers-Liste-des-professions-2023-VF.\"><\/object><a id=\"wp-block-file--media-238ac0a4-03db-47aa-8fba-078dd35def6b\" href=\"http:\/\/lyceedelessouriau.fr\/wp-content\/uploads\/2023\/02\/Forum-des-metiers-Liste-des-professions-2023-VF.pdf\">Forum-des-metiers-Liste-des-professions-2023-VF<\/a><a href=\"http:\/\/lyceedelessouriau.fr\/wp-content\/uploads\/2023\/02\/Forum-des-metiers-Liste-des-professions-2023-VF.pdf\" class=\"wp-block-file__button wp-element-button\" download aria-describedby=\"wp-block-file--media-238ac0a4-03db-47aa-8fba-078dd35def6b\">T\u00e9l\u00e9charger<\/a><\/div>\n\n\n\n<div data-wp-interactive=\"core\/file\" class=\"wp-block-file\"><object data-wp-bind--hidden=\"!state.hasPdfPreview\" hidden class=\"wp-block-file__embed\" data=\"http:\/\/lyceedelessouriau.fr\/wp-content\/uploads\/2023\/01\/Forum-metiers-4-fevrier-2023.pdf\" type=\"application\/pdf\" style=\"width:100%;height:600px\" aria-label=\"Contenu embarqu\u00e9 Forum-metiers-4-fevrier-2023.\"><\/object><a id=\"wp-block-file--media-51656e8e-a6ba-4624-ac93-3b9b030d8015\" href=\"http:\/\/lyceedelessouriau.fr\/wp-content\/uploads\/2023\/01\/Forum-metiers-4-fevrier-2023.pdf\">Forum-metiers-4-fevrier-2023<\/a><a href=\"http:\/\/lyceedelessouriau.fr\/wp-content\/uploads\/2023\/01\/Forum-metiers-4-fevrier-2023.pdf\" class=\"wp-block-file__button wp-element-button\" download aria-describedby=\"wp-block-file--media-51656e8e-a6ba-4624-ac93-3b9b030d8015\">T\u00e9l\u00e9charger<\/a><\/div>\n","protected":false},"excerpt":{"rendered":"<p>A tous les \u00e9l\u00e8ves et les parents de 1\u00e8res GT, Nous vous informons de la tenue du 28e Forum des m\u00e9tiers organis\u00e9 par le rotary club d\u2019Orsay \u200ble samedi 4 f\u00e9vrier 2023.\u200b Le cr\u00e9neau r\u00e9serv\u00e9 \u00e0 notre \u00e9tablissement sera&nbsp;de 9h \u00e0 10h30&nbsp;pour les G\u00e9n\u00e9raux, et \u00e0 partir de 10h15 jusqu\u2019\u00e0 12h pour les Technologiques \u00e0 [&hellip;]<\/p>\n","protected":false},"author":1,"featured_media":0,"comment_status":"closed","ping_status":"closed","sticky":false,"template":"","format":"standard","meta":{"footnotes":""},"categories":[26],"tags":[],"class_list":["post-1964","post","type-post","status-publish","format-standard","hentry","category-actualites"],"_links":{"self":[{"href":"https:\/\/lyceedelessouriau.fr\/index.php\/wp-json\/wp\/v2\/posts\/1964","targetHints":{"allow":["GET"]}}],"collection":[{"href":"https:\/\/lyceedelessouriau.fr\/index.php\/wp-json\/wp\/v2\/posts"}],"about":[{"href":"https:\/\/lyceedelessouriau.fr\/index.php\/wp-json\/wp\/v2\/types\/post"}],"author":[{"embeddable":true,"href":"https:\/\/lyceedelessouriau.fr\/index.php\/wp-json\/wp\/v2\/users\/1"}],"replies":[{"embeddable":true,"href":"https:\/\/lyceedelessouriau.fr\/index.php\/wp-json\/wp\/v2\/comments?post=1964"}],"version-history":[{"count":2,"href":"https:\/\/lyceedelessouriau.fr\/index.php\/wp-json\/wp\/v2\/posts\/1964\/revisions"}],"predecessor-version":[{"id":1970,"href":"https:\/\/lyceedelessouriau.fr\/index.php\/wp-json\/wp\/v2\/posts\/1964\/revisions\/1970"}],"wp:attachment":[{"href":"https:\/\/lyceedelessouriau.fr\/index.php\/wp-json\/wp\/v2\/media?parent=1964"}],"wp:term":[{"taxonomy":"category","embeddable":true,"href":"https:\/\/lyceedelessouriau.fr\/index.php\/wp-json\/wp\/v2\/categories?post=1964"},{"taxonomy":"post_tag","embeddable":true,"href":"https:\/\/lyceedelessouriau.fr\/index.php\/wp-json\/wp\/v2\/tags?post=1964"}],"curies":[{"name":"wp","href":"https:\/\/api.w.org\/{rel}","templated":true}]}}