{"id":1308,"date":"2021-10-21T11:27:17","date_gmt":"2021-10-21T09:27:17","guid":{"rendered":"http:\/\/lyceedelessouriau.fr\/?p=1308"},"modified":"2026-02-03T14:10:31","modified_gmt":"2026-02-03T13:10:31","slug":"lallemand-au-lycee","status":"publish","type":"post","link":"https:\/\/lyceedelessouriau.fr\/index.php\/2021\/10\/21\/lallemand-au-lycee\/","title":{"rendered":"L&#8217;allemand au lyc\u00e9e"},"content":{"rendered":"\n<p>Pr\u00e9sentation de la mati\u00e8re &#8220;Allemand&#8221; au lyc\u00e9e de l&#8217;Essouriau.<\/p>\n\n\n\n<figure class=\"wp-block-video\"><video height=\"720\" style=\"aspect-ratio: 1280 \/ 720;\" width=\"1280\" controls src=\"http:\/\/lyceedelessouriau.fr\/wp-content\/uploads\/2021\/10\/allemand-jpo-2021.mp4\"><\/video><\/figure>\n\n\n\n<p><strong>Janvier 2026<\/strong> <\/p>\n\n\n\n<p>A l\u2019occasion de la journ\u00e9e de l\u2019amiti\u00e9 franco-allemande du 22 janvier, Mme Michaux et les \u00e9l\u00e8ves germanistes ont d\u00e9cor\u00e9 le hall B et propos\u00e9 des jeux et d\u00e9fis pendant les r\u00e9cr\u00e9ations.<\/p>\n\n\n\n<figure class=\"wp-block-image size-large is-resized\"><img loading=\"lazy\" decoding=\"async\" width=\"620\" height=\"1024\" src=\"https:\/\/lyceedelessouriau.fr\/wp-content\/uploads\/2021\/10\/IMG_2175-2-620x1024.png\" alt=\"\" class=\"wp-image-3444\" style=\"aspect-ratio:1;object-fit:cover;width:406px;height:auto\" srcset=\"https:\/\/lyceedelessouriau.fr\/wp-content\/uploads\/2021\/10\/IMG_2175-2-620x1024.png 620w, https:\/\/lyceedelessouriau.fr\/wp-content\/uploads\/2021\/10\/IMG_2175-2-182x300.png 182w, https:\/\/lyceedelessouriau.fr\/wp-content\/uploads\/2021\/10\/IMG_2175-2-768x1269.png 768w, https:\/\/lyceedelessouriau.fr\/wp-content\/uploads\/2021\/10\/IMG_2175-2-930x1536.png 930w, https:\/\/lyceedelessouriau.fr\/wp-content\/uploads\/2021\/10\/IMG_2175-2-1239x2048.png 1239w, https:\/\/lyceedelessouriau.fr\/wp-content\/uploads\/2021\/10\/IMG_2175-2-scaled.png 1549w\" sizes=\"auto, (max-width: 620px) 100vw, 620px\" \/><\/figure>\n\n\n\n<figure class=\"wp-block-image size-large is-resized\"><img loading=\"lazy\" decoding=\"async\" width=\"768\" height=\"1024\" src=\"https:\/\/lyceedelessouriau.fr\/wp-content\/uploads\/2021\/10\/IMG_2176-2-768x1024.png\" alt=\"\" class=\"wp-image-3445\" style=\"aspect-ratio:1;object-fit:cover;width:403px;height:auto\" srcset=\"https:\/\/lyceedelessouriau.fr\/wp-content\/uploads\/2021\/10\/IMG_2176-2-768x1024.png 768w, https:\/\/lyceedelessouriau.fr\/wp-content\/uploads\/2021\/10\/IMG_2176-2-225x300.png 225w, https:\/\/lyceedelessouriau.fr\/wp-content\/uploads\/2021\/10\/IMG_2176-2-1152x1536.png 1152w, https:\/\/lyceedelessouriau.fr\/wp-content\/uploads\/2021\/10\/IMG_2176-2-1536x2048.png 1536w, https:\/\/lyceedelessouriau.fr\/wp-content\/uploads\/2021\/10\/IMG_2176-2-scaled.png 1920w\" sizes=\"auto, (max-width: 768px) 100vw, 768px\" \/><\/figure>\n","protected":false},"excerpt":{"rendered":"<p>Pr\u00e9sentation de la mati\u00e8re &#8220;Allemand&#8221; au lyc\u00e9e de l&#8217;Essouriau. Janvier 2026 A l\u2019occasion de la journ\u00e9e de l\u2019amiti\u00e9 franco-allemande du 22 janvier, Mme Michaux et les \u00e9l\u00e8ves germanistes ont d\u00e9cor\u00e9 le hall B et propos\u00e9 des jeux et d\u00e9fis pendant les r\u00e9cr\u00e9ations.<\/p>\n","protected":false},"author":1,"featured_media":0,"comment_status":"closed","ping_status":"closed","sticky":false,"template":"","format":"standard","meta":{"footnotes":""},"categories":[25],"tags":[],"class_list":["post-1308","post","type-post","status-publish","format-standard","hentry","category-descriptifs-disciplines"],"_links":{"self":[{"href":"https:\/\/lyceedelessouriau.fr\/index.php\/wp-json\/wp\/v2\/posts\/1308","targetHints":{"allow":["GET"]}}],"collection":[{"href":"https:\/\/lyceedelessouriau.fr\/index.php\/wp-json\/wp\/v2\/posts"}],"about":[{"href":"https:\/\/lyceedelessouriau.fr\/index.php\/wp-json\/wp\/v2\/types\/post"}],"author":[{"embeddable":true,"href":"https:\/\/lyceedelessouriau.fr\/index.php\/wp-json\/wp\/v2\/users\/1"}],"replies":[{"embeddable":true,"href":"https:\/\/lyceedelessouriau.fr\/index.php\/wp-json\/wp\/v2\/comments?post=1308"}],"version-history":[{"count":2,"href":"https:\/\/lyceedelessouriau.fr\/index.php\/wp-json\/wp\/v2\/posts\/1308\/revisions"}],"predecessor-version":[{"id":3446,"href":"https:\/\/lyceedelessouriau.fr\/index.php\/wp-json\/wp\/v2\/posts\/1308\/revisions\/3446"}],"wp:attachment":[{"href":"https:\/\/lyceedelessouriau.fr\/index.php\/wp-json\/wp\/v2\/media?parent=1308"}],"wp:term":[{"taxonomy":"category","embeddable":true,"href":"https:\/\/lyceedelessouriau.fr\/index.php\/wp-json\/wp\/v2\/categories?post=1308"},{"taxonomy":"post_tag","embeddable":true,"href":"https:\/\/lyceedelessouriau.fr\/index.php\/wp-json\/wp\/v2\/tags?post=1308"}],"curies":[{"name":"wp","href":"https:\/\/api.w.org\/{rel}","templated":true}]}}