{"id":1030,"date":"2021-06-21T11:08:50","date_gmt":"2021-06-21T09:08:50","guid":{"rendered":"http:\/\/lyceedelessouriau.fr\/?p=1030"},"modified":"2021-06-21T11:09:29","modified_gmt":"2021-06-21T09:09:29","slug":"directeur-delegue-aux-formations-professionnelles-et-technologiques","status":"publish","type":"post","link":"https:\/\/lyceedelessouriau.fr\/index.php\/2021\/06\/21\/directeur-delegue-aux-formations-professionnelles-et-technologiques\/","title":{"rendered":"Directeur D\u00e9l\u00e9gu\u00e9 aux Formations Professionnelles et Technologiques"},"content":{"rendered":"\n<p>Plac\u00e9 sous l\u2019autorit\u00e9 directe du chef d\u2019\u00e9tablissement, il participe, en tant que conseiller et proche collaborateur de ce dernier, au m\u00eame titre que le(s) adjoint(s) et l\u2019adjoint gestionnaire, aux travaux de l\u2019\u00e9quipe de direction et aux instances de l\u2019\u00e9tablissement o\u00f9 sa pr\u00e9sence est requise. Sa mission, de nature essentiellement p\u00e9dagogique, s\u2019exerce&nbsp;:<\/p>\n\n\n\n<ul class=\"wp-block-list\"><li>&nbsp;A l\u2019int\u00e9rieur de l\u2019\u00e9tablissement, aupr\u00e8s des \u00e9quipes p\u00e9dagogiques impliqu\u00e9es dans les formations professionnelles et technologiques, qu\u2019il s\u2019agisse de formation initiale (sous statut scolaire et par apprentissage) ou de formation continue, et en \u00e9troite relation avec les corps d\u2019inspection territoriaux&nbsp;;<\/li><\/ul>\n\n\n\n<ul class=\"wp-block-list\"><li>&nbsp;A l\u2019ext\u00e9rieur de l\u2019\u00e9tablissement, avec les partenaires \u00e9conomiques et institutionnels du bassin d\u2019emploi\/formation auquel est int\u00e9gr\u00e9 l\u2019\u00e9tablissement&nbsp;;<\/li><\/ul>\n\n\n\n<ul class=\"wp-block-list\"><li>&nbsp;Dans certains dispositifs sp\u00e9cifiques tels que par exemple la validation des acquis de l\u2019exp\u00e9rience, l\u2019insertion professionnelle et sociale des jeunes, ou l\u2019organisation de jurys de concours et d\u2019examens.<\/li><\/ul>\n\n\n\n<p><strong>Au titre de ses missions, le directeur d\u00e9l\u00e9gu\u00e9 aux formations professionnelles et technologiques peut \u00eatre charg\u00e9 de l\u2019animation d\u2019un p\u00f4le de stages.<\/strong><\/p>\n\n\n\n<p><strong>Missions principales&nbsp;:<\/strong><\/p>\n\n\n\n<ul class=\"wp-block-list\"><li>&nbsp;Organisation des enseignements professionnels et technologiques&nbsp;;<\/li><li>&nbsp;Coordination et animation des \u00e9quipes d\u2019enseignants&nbsp;;<\/li><li>&nbsp;Conseil au chef d\u2019\u00e9tablissement&nbsp;;<\/li><li>&nbsp;Relations avec les partenaires ext\u00e9rieurs.<\/li><\/ul>\n\n\n\n<p><strong>Coordonn\u00e9es DDFPT<\/strong>&nbsp;: ddfpt.0911492c@ac-versailles.fr<\/p>\n","protected":false},"excerpt":{"rendered":"<p>Plac\u00e9 sous l\u2019autorit\u00e9 directe du chef d\u2019\u00e9tablissement, il participe, en tant que conseiller et proche collaborateur de ce dernier, au m\u00eame titre que le(s) adjoint(s) et l\u2019adjoint gestionnaire, aux travaux de l\u2019\u00e9quipe de direction et aux instances de l\u2019\u00e9tablissement o\u00f9 sa pr\u00e9sence est requise. Sa mission, de nature essentiellement p\u00e9dagogique, s\u2019exerce&nbsp;: &nbsp;A l\u2019int\u00e9rieur de l\u2019\u00e9tablissement, [&hellip;]<\/p>\n","protected":false},"author":1,"featured_media":0,"comment_status":"closed","ping_status":"closed","sticky":false,"template":"","format":"standard","meta":{"footnotes":""},"categories":[16],"tags":[],"class_list":["post-1030","post","type-post","status-publish","format-standard","hentry","category-ddfpt"],"_links":{"self":[{"href":"https:\/\/lyceedelessouriau.fr\/index.php\/wp-json\/wp\/v2\/posts\/1030","targetHints":{"allow":["GET"]}}],"collection":[{"href":"https:\/\/lyceedelessouriau.fr\/index.php\/wp-json\/wp\/v2\/posts"}],"about":[{"href":"https:\/\/lyceedelessouriau.fr\/index.php\/wp-json\/wp\/v2\/types\/post"}],"author":[{"embeddable":true,"href":"https:\/\/lyceedelessouriau.fr\/index.php\/wp-json\/wp\/v2\/users\/1"}],"replies":[{"embeddable":true,"href":"https:\/\/lyceedelessouriau.fr\/index.php\/wp-json\/wp\/v2\/comments?post=1030"}],"version-history":[{"count":2,"href":"https:\/\/lyceedelessouriau.fr\/index.php\/wp-json\/wp\/v2\/posts\/1030\/revisions"}],"predecessor-version":[{"id":1032,"href":"https:\/\/lyceedelessouriau.fr\/index.php\/wp-json\/wp\/v2\/posts\/1030\/revisions\/1032"}],"wp:attachment":[{"href":"https:\/\/lyceedelessouriau.fr\/index.php\/wp-json\/wp\/v2\/media?parent=1030"}],"wp:term":[{"taxonomy":"category","embeddable":true,"href":"https:\/\/lyceedelessouriau.fr\/index.php\/wp-json\/wp\/v2\/categories?post=1030"},{"taxonomy":"post_tag","embeddable":true,"href":"https:\/\/lyceedelessouriau.fr\/index.php\/wp-json\/wp\/v2\/tags?post=1030"}],"curies":[{"name":"wp","href":"https:\/\/api.w.org\/{rel}","templated":true}]}}